{"id":96831,"date":"2026-01-01T08:07:03","date_gmt":"2026-01-01T08:07:03","guid":{"rendered":"https:\/\/www.tessiltorre.com\/blog\/expo-detergo-international-2025\/"},"modified":"2026-08-24T07:28:58","modified_gmt":"2026-08-24T07:28:58","slug":"expo-detergo-international-2025","status":"publish","type":"post","link":"https:\/\/www.tessiltorre.com\/de\/blog\/veranstaltungen\/expo-detergo-international-2025\/","title":{"rendered":"Expo Detergo International 2026"},"content":{"rendered":"\n<p class=\"wp-block-paragraph\">Wir werden auf der Detergo ausstellen, der f\u00fchrenden internationalen Fachmesse f\u00fcr Ausr\u00fcstung, Dienstleistungen, Produkte und Zubeh\u00f6r f\u00fcr das Waschen, B\u00fcgeln und Reinigen von Textilien und verwandten Artikeln.<\/p>\n","protected":false},"excerpt":{"rendered":"<p>Wir werden auf der Detergo ausstellen, der f\u00fchrenden internationalen Fachmesse f\u00fcr Ausr\u00fcstung, Dienstleistungen, Produkte und Zubeh\u00f6r f\u00fcr das Waschen, B\u00fcgeln und Reinigen von Textilien und verwandten Artikeln.<\/p>\n","protected":false},"author":1,"featured_media":96425,"comment_status":"closed","ping_status":"closed","sticky":false,"template":"","format":"standard","meta":{"_et_pb_use_builder":"off","_et_pb_old_content":"","_et_gb_content_width":"","footnotes":""},"categories":[20],"tags":[],"class_list":["post-96831","post","type-post","status-publish","format-standard","has-post-thumbnail","hentry","category-veranstaltungen"],"_links":{"self":[{"href":"https:\/\/www.tessiltorre.com\/de\/wp-json\/wp\/v2\/posts\/96831","targetHints":{"allow":["GET"]}}],"collection":[{"href":"https:\/\/www.tessiltorre.com\/de\/wp-json\/wp\/v2\/posts"}],"about":[{"href":"https:\/\/www.tessiltorre.com\/de\/wp-json\/wp\/v2\/types\/post"}],"author":[{"embeddable":true,"href":"https:\/\/www.tessiltorre.com\/de\/wp-json\/wp\/v2\/users\/1"}],"replies":[{"embeddable":true,"href":"https:\/\/www.tessiltorre.com\/de\/wp-json\/wp\/v2\/comments?post=96831"}],"version-history":[{"count":3,"href":"https:\/\/www.tessiltorre.com\/de\/wp-json\/wp\/v2\/posts\/96831\/revisions"}],"predecessor-version":[{"id":97102,"href":"https:\/\/www.tessiltorre.com\/de\/wp-json\/wp\/v2\/posts\/96831\/revisions\/97102"}],"wp:featuredmedia":[{"embeddable":true,"href":"https:\/\/www.tessiltorre.com\/de\/wp-json\/wp\/v2\/media\/96425"}],"wp:attachment":[{"href":"https:\/\/www.tessiltorre.com\/de\/wp-json\/wp\/v2\/media?parent=96831"}],"wp:term":[{"taxonomy":"category","embeddable":true,"href":"https:\/\/www.tessiltorre.com\/de\/wp-json\/wp\/v2\/categories?post=96831"},{"taxonomy":"post_tag","embeddable":true,"href":"https:\/\/www.tessiltorre.com\/de\/wp-json\/wp\/v2\/tags?post=96831"}],"curies":[{"name":"wp","href":"https:\/\/api.w.org\/{rel}","templated":true}]}}